{"id":100,"date":"2010-12-04T15:36:22","date_gmt":"2010-12-04T15:36:22","guid":{"rendered":"http:\/\/www.raulescrivapeyro.com\/?p=100"},"modified":"2018-01-28T19:35:51","modified_gmt":"2018-01-28T19:35:51","slug":"pasarela-de-acceso-al-centro-internacional-de-arte-oscar-niemeyer","status":"publish","type":"post","link":"https:\/\/www.raulescrivapeyro.com\/index.php\/2010\/12\/04\/pasarela-de-acceso-al-centro-internacional-de-arte-oscar-niemeyer\/","title":{"rendered":"Pasarela de acceso al Centro Internacional de Arte Oscar Niemeyer"},"content":{"rendered":"<p>Mediante elemento de geometr\u00eda horizontal mimetizado con las cubiertas de la ciudad se resuelve el acceso, la plaza elevada con vistas a la r\u00eda, el mirador al centro Niemeyer y un icono del lugar.<\/p>\n","protected":false},"excerpt":{"rendered":"<p>Mediante elemento de geometr\u00eda horizontal mimetizado con las cubiertas de la ciudad se resuelve el acceso, la plaza elevada con vistas a la r\u00eda, el mirador al centro Niemeyer y un icono del lugar.<\/p>\n","protected":false},"author":1,"featured_media":0,"comment_status":"open","ping_status":"open","sticky":false,"template":"","format":"standard","meta":[],"categories":[3],"tags":[12],"yoast_head":"<!-- This site is optimized with the Yoast SEO plugin v18.9 - https:\/\/yoast.com\/wordpress\/plugins\/seo\/ -->\n<title>Pasarela de acceso al Centro Internacional de Arte Oscar Niemeyer - Ra\u00fal Escriv\u00e1 Peyr\u00f3<\/title>\n<meta name=\"robots\" content=\"index, follow, max-snippet:-1, max-image-preview:large, max-video-preview:-1\" \/>\n<link rel=\"canonical\" href=\"https:\/\/www.raulescrivapeyro.com\/index.php\/2010\/12\/04\/pasarela-de-acceso-al-centro-internacional-de-arte-oscar-niemeyer\/\" \/>\n<meta property=\"og:locale\" content=\"es_ES\" \/>\n<meta property=\"og:type\" content=\"article\" \/>\n<meta property=\"og:title\" content=\"Pasarela de acceso al Centro Internacional de Arte Oscar Niemeyer - Ra\u00fal Escriv\u00e1 Peyr\u00f3\" \/>\n<meta property=\"og:description\" content=\"Mediante elemento de geometr\u00eda horizontal mimetizado con las cubiertas de la ciudad se resuelve el acceso, la plaza elevada con vistas a la r\u00eda, el mirador al centro Niemeyer y un icono del lugar.\" \/>\n<meta property=\"og:url\" content=\"https:\/\/www.raulescrivapeyro.com\/index.php\/2010\/12\/04\/pasarela-de-acceso-al-centro-internacional-de-arte-oscar-niemeyer\/\" \/>\n<meta property=\"og:site_name\" content=\"Ra\u00fal Escriv\u00e1 Peyr\u00f3\" \/>\n<meta property=\"article:published_time\" content=\"2010-12-04T15:36:22+00:00\" \/>\n<meta property=\"article:modified_time\" content=\"2018-01-28T19:35:51+00:00\" \/>\n<meta name=\"twitter:card\" content=\"summary_large_image\" \/>\n<meta name=\"twitter:label1\" content=\"Escrito por\" \/>\n\t<meta name=\"twitter:data1\" content=\"alanda\" \/>\n<script type=\"application\/ld+json\" class=\"yoast-schema-graph\">{\"@context\":\"https:\/\/schema.org\",\"@graph\":[{\"@type\":\"WebSite\",\"@id\":\"https:\/\/www.raulescrivapeyro.com\/#website\",\"url\":\"https:\/\/www.raulescrivapeyro.com\/\",\"name\":\"Ra\u00fal Escriv\u00e1 Peyr\u00f3\",\"description\":\"Dise\u00f1o en Ingenier\u00eda\",\"potentialAction\":[{\"@type\":\"SearchAction\",\"target\":{\"@type\":\"EntryPoint\",\"urlTemplate\":\"https:\/\/www.raulescrivapeyro.com\/?s={search_term_string}\"},\"query-input\":\"required name=search_term_string\"}],\"inLanguage\":\"es\"},{\"@type\":\"WebPage\",\"@id\":\"https:\/\/www.raulescrivapeyro.com\/index.php\/2010\/12\/04\/pasarela-de-acceso-al-centro-internacional-de-arte-oscar-niemeyer\/#webpage\",\"url\":\"https:\/\/www.raulescrivapeyro.com\/index.php\/2010\/12\/04\/pasarela-de-acceso-al-centro-internacional-de-arte-oscar-niemeyer\/\",\"name\":\"Pasarela de acceso al Centro Internacional de Arte Oscar Niemeyer - Ra\u00fal Escriv\u00e1 Peyr\u00f3\",\"isPartOf\":{\"@id\":\"https:\/\/www.raulescrivapeyro.com\/#website\"},\"datePublished\":\"2010-12-04T15:36:22+00:00\",\"dateModified\":\"2018-01-28T19:35:51+00:00\",\"author\":{\"@id\":\"https:\/\/www.raulescrivapeyro.com\/#\/schema\/person\/5edc6b291ccf2ab3e9658fbd0378724b\"},\"breadcrumb\":{\"@id\":\"https:\/\/www.raulescrivapeyro.com\/index.php\/2010\/12\/04\/pasarela-de-acceso-al-centro-internacional-de-arte-oscar-niemeyer\/#breadcrumb\"},\"inLanguage\":\"es\",\"potentialAction\":[{\"@type\":\"ReadAction\",\"target\":[\"https:\/\/www.raulescrivapeyro.com\/index.php\/2010\/12\/04\/pasarela-de-acceso-al-centro-internacional-de-arte-oscar-niemeyer\/\"]}]},{\"@type\":\"BreadcrumbList\",\"@id\":\"https:\/\/www.raulescrivapeyro.com\/index.php\/2010\/12\/04\/pasarela-de-acceso-al-centro-internacional-de-arte-oscar-niemeyer\/#breadcrumb\",\"itemListElement\":[{\"@type\":\"ListItem\",\"position\":1,\"name\":\"Portada\",\"item\":\"https:\/\/www.raulescrivapeyro.com\/\"},{\"@type\":\"ListItem\",\"position\":2,\"name\":\"Pasarela de acceso al Centro Internacional de Arte Oscar Niemeyer\"}]},{\"@type\":\"Person\",\"@id\":\"https:\/\/www.raulescrivapeyro.com\/#\/schema\/person\/5edc6b291ccf2ab3e9658fbd0378724b\",\"name\":\"alanda\",\"image\":{\"@type\":\"ImageObject\",\"inLanguage\":\"es\",\"@id\":\"https:\/\/www.raulescrivapeyro.com\/#\/schema\/person\/image\/\",\"url\":\"https:\/\/secure.gravatar.com\/avatar\/3f573430b074090df454783abbe6908b?s=96&d=mm&r=g\",\"contentUrl\":\"https:\/\/secure.gravatar.com\/avatar\/3f573430b074090df454783abbe6908b?s=96&d=mm&r=g\",\"caption\":\"alanda\"},\"url\":\"https:\/\/www.raulescrivapeyro.com\/index.php\/author\/alanda\/\"}]}<\/script>\n<!-- \/ Yoast SEO plugin. -->","yoast_head_json":{"title":"Pasarela de acceso al Centro Internacional de Arte Oscar Niemeyer - Ra\u00fal Escriv\u00e1 Peyr\u00f3","robots":{"index":"index","follow":"follow","max-snippet":"max-snippet:-1","max-image-preview":"max-image-preview:large","max-video-preview":"max-video-preview:-1"},"canonical":"https:\/\/www.raulescrivapeyro.com\/index.php\/2010\/12\/04\/pasarela-de-acceso-al-centro-internacional-de-arte-oscar-niemeyer\/","og_locale":"es_ES","og_type":"article","og_title":"Pasarela de acceso al Centro Internacional de Arte Oscar Niemeyer - Ra\u00fal Escriv\u00e1 Peyr\u00f3","og_description":"Mediante elemento de geometr\u00eda horizontal mimetizado con las cubiertas de la ciudad se resuelve el acceso, la plaza elevada con vistas a la r\u00eda, el mirador al centro Niemeyer y un icono del lugar.","og_url":"https:\/\/www.raulescrivapeyro.com\/index.php\/2010\/12\/04\/pasarela-de-acceso-al-centro-internacional-de-arte-oscar-niemeyer\/","og_site_name":"Ra\u00fal Escriv\u00e1 Peyr\u00f3","article_published_time":"2010-12-04T15:36:22+00:00","article_modified_time":"2018-01-28T19:35:51+00:00","twitter_card":"summary_large_image","twitter_misc":{"Escrito por":"alanda"},"schema":{"@context":"https:\/\/schema.org","@graph":[{"@type":"WebSite","@id":"https:\/\/www.raulescrivapeyro.com\/#website","url":"https:\/\/www.raulescrivapeyro.com\/","name":"Ra\u00fal Escriv\u00e1 Peyr\u00f3","description":"Dise\u00f1o en Ingenier\u00eda","potentialAction":[{"@type":"SearchAction","target":{"@type":"EntryPoint","urlTemplate":"https:\/\/www.raulescrivapeyro.com\/?s={search_term_string}"},"query-input":"required name=search_term_string"}],"inLanguage":"es"},{"@type":"WebPage","@id":"https:\/\/www.raulescrivapeyro.com\/index.php\/2010\/12\/04\/pasarela-de-acceso-al-centro-internacional-de-arte-oscar-niemeyer\/#webpage","url":"https:\/\/www.raulescrivapeyro.com\/index.php\/2010\/12\/04\/pasarela-de-acceso-al-centro-internacional-de-arte-oscar-niemeyer\/","name":"Pasarela de acceso al Centro Internacional de Arte Oscar Niemeyer - Ra\u00fal Escriv\u00e1 Peyr\u00f3","isPartOf":{"@id":"https:\/\/www.raulescrivapeyro.com\/#website"},"datePublished":"2010-12-04T15:36:22+00:00","dateModified":"2018-01-28T19:35:51+00:00","author":{"@id":"https:\/\/www.raulescrivapeyro.com\/#\/schema\/person\/5edc6b291ccf2ab3e9658fbd0378724b"},"breadcrumb":{"@id":"https:\/\/www.raulescrivapeyro.com\/index.php\/2010\/12\/04\/pasarela-de-acceso-al-centro-internacional-de-arte-oscar-niemeyer\/#breadcrumb"},"inLanguage":"es","potentialAction":[{"@type":"ReadAction","target":["https:\/\/www.raulescrivapeyro.com\/index.php\/2010\/12\/04\/pasarela-de-acceso-al-centro-internacional-de-arte-oscar-niemeyer\/"]}]},{"@type":"BreadcrumbList","@id":"https:\/\/www.raulescrivapeyro.com\/index.php\/2010\/12\/04\/pasarela-de-acceso-al-centro-internacional-de-arte-oscar-niemeyer\/#breadcrumb","itemListElement":[{"@type":"ListItem","position":1,"name":"Portada","item":"https:\/\/www.raulescrivapeyro.com\/"},{"@type":"ListItem","position":2,"name":"Pasarela de acceso al Centro Internacional de Arte Oscar Niemeyer"}]},{"@type":"Person","@id":"https:\/\/www.raulescrivapeyro.com\/#\/schema\/person\/5edc6b291ccf2ab3e9658fbd0378724b","name":"alanda","image":{"@type":"ImageObject","inLanguage":"es","@id":"https:\/\/www.raulescrivapeyro.com\/#\/schema\/person\/image\/","url":"https:\/\/secure.gravatar.com\/avatar\/3f573430b074090df454783abbe6908b?s=96&d=mm&r=g","contentUrl":"https:\/\/secure.gravatar.com\/avatar\/3f573430b074090df454783abbe6908b?s=96&d=mm&r=g","caption":"alanda"},"url":"https:\/\/www.raulescrivapeyro.com\/index.php\/author\/alanda\/"}]}},"_links":{"self":[{"href":"https:\/\/www.raulescrivapeyro.com\/index.php\/wp-json\/wp\/v2\/posts\/100"}],"collection":[{"href":"https:\/\/www.raulescrivapeyro.com\/index.php\/wp-json\/wp\/v2\/posts"}],"about":[{"href":"https:\/\/www.raulescrivapeyro.com\/index.php\/wp-json\/wp\/v2\/types\/post"}],"author":[{"embeddable":true,"href":"https:\/\/www.raulescrivapeyro.com\/index.php\/wp-json\/wp\/v2\/users\/1"}],"replies":[{"embeddable":true,"href":"https:\/\/www.raulescrivapeyro.com\/index.php\/wp-json\/wp\/v2\/comments?post=100"}],"version-history":[{"count":1,"href":"https:\/\/www.raulescrivapeyro.com\/index.php\/wp-json\/wp\/v2\/posts\/100\/revisions"}],"predecessor-version":[{"id":108,"href":"https:\/\/www.raulescrivapeyro.com\/index.php\/wp-json\/wp\/v2\/posts\/100\/revisions\/108"}],"wp:attachment":[{"href":"https:\/\/www.raulescrivapeyro.com\/index.php\/wp-json\/wp\/v2\/media?parent=100"}],"wp:term":[{"taxonomy":"category","embeddable":true,"href":"https:\/\/www.raulescrivapeyro.com\/index.php\/wp-json\/wp\/v2\/categories?post=100"},{"taxonomy":"post_tag","embeddable":true,"href":"https:\/\/www.raulescrivapeyro.com\/index.php\/wp-json\/wp\/v2\/tags?post=100"}],"curies":[{"name":"wp","href":"https:\/\/api.w.org\/{rel}","templated":true}]}}